{"id":22147,"date":"2025-11-04T11:17:00","date_gmt":"2025-11-04T10:17:00","guid":{"rendered":"https:\/\/casamiraes.agenciatlc.dev\/?p=22147"},"modified":"2025-10-24T11:20:11","modified_gmt":"2025-10-24T10:20:11","slug":"corona-de-la-almudena","status":"publish","type":"post","link":"https:\/\/casamiraes.agenciatlc.dev\/en\/corona-de-la-almudena\/","title":{"rendered":"La corona de la Almudena, el dulce m\u00e1s castizo de noviembre"},"content":{"rendered":"\n<p><\/p>\n\n\n\n<p>Madrid en noviembre es otra cosa.<br>Adem\u00e1s del olor a casta\u00f1as y el fresquito en la cara, el mes de noviembre nos regala algunos que otros lujos que no podemos pasar por alto. El bullicio de las verbenas se apaga, las luces navide\u00f1as a\u00fan est\u00e1n por venir\u2026 y entre tanto, aparece: <strong>la corona de la Almudena<\/strong>.<\/p>\n\n\n\n<p>S\u00ed, ese dulce que a primera vista recuerda al <strong>rosc\u00f3n de Reyes<\/strong>, pero que tiene su propia historia, su personalidad y, por supuesto, su momento del a\u00f1o. Porque si hay un postre castizo, \u00e9se es la corona de la Almudena. Y, en <strong><a href=\"https:\/\/casamiraes.agenciatlc.dev\/\">Casa Mira<\/a><\/strong>, como buenos madrile\u00f1os de horno y coraz\u00f3n, no solo la hacemos cada a\u00f1o, sino que la celebramos por todo lo alto.<\/p>\n\n\n\n<h2 class=\"wp-block-heading\">Un homenaje dulce a la patrona de Madrid<\/h2>\n\n\n\n<p>Cada 9 de noviembre, los madrile\u00f1os celebramos el <strong>D\u00eda de la Almudena<\/strong>, en honor a la Virgen que, seg\u00fan la tradici\u00f3n, protege la ciudad desde tiempos casi inmemoriales. Es una jornada que mezcla devoci\u00f3n, identidad y sabor, porque\u2026 \u00bfqu\u00e9 ser\u00eda de una fiesta sin su dulce correspondiente?<\/p>\n\n\n\n<p>La <strong>corona de la Almudena<\/strong> nace precisamente como homenaje comestible a esta figura. A diferencia del <a href=\"https:\/\/casamiraes.agenciatlc.dev\/curiosidades-del-roscon-de-reyes\/\"><strong>Rosc\u00f3n de Reyes<\/strong>,<\/a> que llega tras las fiestas, la corona <strong>abre la temporada de celebraciones<\/strong>: es el primer aviso de que se acercan los d\u00edas de encuentros familiares, meriendas con mantita y escaparates con estrellas.<\/p>\n\n\n\n<p>Y, aunque no todas las ciudades pueden presumir de tener un dulce propio para su patrona, Madrid s\u00ed. Y lo hace por todo lo alto (y todo lo ancho, si nos fijamos en el tama\u00f1o de algunas coronas).<\/p>\n\n\n\n<h2 class=\"wp-block-heading\"><strong>\u00bfPero qu\u00e9 es exactamente la corona de la Almudena?<\/strong><\/h2>\n\n\n\n<figure class=\"wp-block-image aligncenter size-large is-resized\"><img fetchpriority=\"high\" decoding=\"async\" width=\"1024\" height=\"788\" src=\"https:\/\/casamiraes.agenciatlc.dev\/wp-content\/uploads\/2025\/10\/corona-de-la-almudena1-1024x788.jpg\" alt=\"corona de la almudena\" class=\"wp-image-22161\" style=\"width:502px;height:auto\" srcset=\"https:\/\/casamiraes.agenciatlc.dev\/wp-content\/uploads\/2025\/10\/corona-de-la-almudena1-1024x788.jpg 1024w, https:\/\/casamiraes.agenciatlc.dev\/wp-content\/uploads\/2025\/10\/corona-de-la-almudena1-300x231.jpg 300w, https:\/\/casamiraes.agenciatlc.dev\/wp-content\/uploads\/2025\/10\/corona-de-la-almudena1-768x591.jpg 768w, https:\/\/casamiraes.agenciatlc.dev\/wp-content\/uploads\/2025\/10\/corona-de-la-almudena1-655x504.jpg 655w, https:\/\/casamiraes.agenciatlc.dev\/wp-content\/uploads\/2025\/10\/corona-de-la-almudena1-64x49.jpg 64w, https:\/\/casamiraes.agenciatlc.dev\/wp-content\/uploads\/2025\/10\/corona-de-la-almudena1.jpg 1040w\" sizes=\"(max-width: 1024px) 100vw, 1024px\" \/><figcaption class=\"wp-element-caption\">corona de la almudena<\/figcaption><\/figure>\n\n\n\n<p>Vamos a lo importante. La corona de la Almudena es una <strong>rosca elaborada con una masa suave y esponjosa<\/strong>, parecida a la del rosc\u00f3n, aunque algo m\u00e1s compacta y con una textura m\u00e1s firme. Suele llevar un <strong>relleno de nata, trufa, crema pastelera o cabello de \u00e1ngel<\/strong>, seg\u00fan el gusto del consumidor \u2014aunque en <strong>Casa Mira<\/strong> tenemos nuestras propias combinaciones que ya son casi leyenda\u2014.<\/p>\n\n\n\n<p>La masa se aromatiza con ralladura de naranja o lim\u00f3n, y se adorna por encima con frutas confitadas, az\u00facar y almendra laminada. Pero m\u00e1s all\u00e1 de la receta, lo que hace especial a la corona es el momento del a\u00f1o en el que llega y el cari\u00f1o con el que se elabora.<\/p>\n\n\n\n<p>Porque si algo define a este dulce en Casa Mira, es que, al igual que todos nuestros <strong><a href=\"https:\/\/casamiraes.agenciatlc.dev\/categoria-producto\/turrones\/\">turrones artesanos<\/a><\/strong>, se hace con calma, sin prisas, con las manos de siempre y con ingredientes de verdad. Y eso, en estos tiempos de masas congeladas y glaseados que brillan demasiado, es un tesoro.<\/p>\n\n\n\n<h2 class=\"wp-block-heading\"><strong>Un dulce joven, pero con esp\u00edritu de cl\u00e1sico<\/strong><\/h2>\n\n\n\n<p>Aunque la devoci\u00f3n a la Virgen de la Almudena se remonta al siglo XI, lo cierto es que la tradici\u00f3n de la <strong>corona de la Almudena<\/strong> es bastante m\u00e1s reciente. Su historia comienza en los a\u00f1os 70, cuando varias pasteler\u00edas madrile\u00f1as \u2014entre ellas Casa Mira\u2014 decidieron crear un dulce especial para rendir homenaje a la patrona.<\/p>\n\n\n\n<p>Lo que empez\u00f3 como una propuesta de unos pocos obradores, con el tiempo se convirti\u00f3 en costumbre, y hoy son muchas las familias que no entienden el mes de noviembre sin una corona en la mesa.<\/p>\n\n\n\n<p>En apenas unas d\u00e9cadas, este dulce ha pasado de ser una novedad a convertirse en <strong>un s\u00edmbolo gastron\u00f3mico de Madrid<\/strong>, una de esas cosas que pasan sin hacer ruido, pero que acaban formando parte de la memoria colectiva.<\/p>\n\n\n\n<h2 class=\"wp-block-heading\"><strong>Receta con identidad, sabor con ra\u00edz<\/strong><\/h2>\n\n\n\n<figure class=\"wp-block-image aligncenter size-large is-resized\"><img decoding=\"async\" width=\"1024\" height=\"788\" src=\"https:\/\/casamiraes.agenciatlc.dev\/wp-content\/uploads\/2025\/10\/corona-de-la-almudena-3-1024x788.jpg\" alt=\"corona de la almudena 3\" class=\"wp-image-22159\" style=\"width:500px;height:auto\" srcset=\"https:\/\/casamiraes.agenciatlc.dev\/wp-content\/uploads\/2025\/10\/corona-de-la-almudena-3-1024x788.jpg 1024w, https:\/\/casamiraes.agenciatlc.dev\/wp-content\/uploads\/2025\/10\/corona-de-la-almudena-3-300x231.jpg 300w, https:\/\/casamiraes.agenciatlc.dev\/wp-content\/uploads\/2025\/10\/corona-de-la-almudena-3-768x591.jpg 768w, https:\/\/casamiraes.agenciatlc.dev\/wp-content\/uploads\/2025\/10\/corona-de-la-almudena-3-655x504.jpg 655w, https:\/\/casamiraes.agenciatlc.dev\/wp-content\/uploads\/2025\/10\/corona-de-la-almudena-3-64x49.jpg 64w, https:\/\/casamiraes.agenciatlc.dev\/wp-content\/uploads\/2025\/10\/corona-de-la-almudena-3.jpg 1040w\" sizes=\"(max-width: 1024px) 100vw, 1024px\" \/><\/figure>\n\n\n\n<p>En Casa Mira llevamos m\u00e1s de cien a\u00f1os elaborando dulces tradicionales, y sabemos que <strong>la clave de cualquier receta est\u00e1 en no tener prisa<\/strong>. La corona de la Almudena no es una excepci\u00f3n.<\/p>\n\n\n\n<p>Para hacerla como debe ser, se necesita buena harina, huevos frescos, mantequilla aut\u00e9ntica y mucho mimo. El proceso comienza con un levado largo, que permite que la masa gane cuerpo y sabor. Despu\u00e9s se hornea con cuidado, se deja enfriar lentamente y se rellena a mano, uno a uno. Nada de atajos.<\/p>\n\n\n\n<p>La decoramos con fruta confitada, almendra y az\u00facar, s\u00ed, pero sobre todo la rellenamos de intenci\u00f3n: la de seguir manteniendo vivas las tradiciones que nos hacen quienes somos. Porque la corona de la Almudena no es solo un postre: <strong>es una forma de celebrar Madrid<\/strong>.<\/p>\n\n\n\n<h2 class=\"wp-block-heading\"><strong>M\u00e1s que un dulce: una excusa para juntarse<\/strong><\/h2>\n\n\n\n<p>Como todos los dulces de temporada, la corona tiene algo m\u00e1gico: <strong>re\u00fane a la gente en torno a una mesa<\/strong>. Algunos vienen a por ella despu\u00e9s de visitar la catedral. Otros la comparten en la oficina, en casa o la regalan a alguien especial. Y los m\u00e1s previsores la encargan con d\u00edas de antelaci\u00f3n, porque saben que cuando se acaban\u2026 se acaban.<\/p>\n\n\n\n<h2 class=\"wp-block-heading\"><strong>Ven a por tu corona, que noviembre no espera<\/strong><\/h2>\n\n\n\n<p>La <strong>Corona de la Almudena<\/strong> no es un dulce m\u00e1s. Es un gesto, un gui\u00f1o a nuestra historia, una manera de decir \u201caqu\u00ed seguimos, como siempre\u201d.<br>En <strong>Casa Mira<\/strong>, llevamos generaciones haci\u00e9ndola igual: con los mismos ingredientes, el mismo cari\u00f1o y la misma ilusi\u00f3n.<\/p>\n\n\n\n<p>As\u00ed que si este noviembre quieres celebrar como manda la tradici\u00f3n, <strong>te esperamos con las coronas listas, los turrones ya asomando y el horno encendido<\/strong>.<\/p>\n\n\n\n<p>Puedes venir a vernos a nuestra\u00a0<a href=\"https:\/\/casamiraes.agenciatlc.dev\/contacto\/\"><strong>tienda de la Carrera de San Jer\u00f3nimo<\/strong><\/a>, en pleno coraz\u00f3n de Madrid. Un lugar donde el tiempo parece ir a otro ritmo y donde cada dulce tiene una historia que contar. O, si lo prefieres, puedes\u00a0<strong><a href=\"https:\/\/casamiraes.agenciatlc.dev\/tienda\/\">visitar nuestra tienda online<\/a><\/strong>\u00a0desde la comodidad de tu sof\u00e1 y dejar que el crujido llegue directamente a tu puerta.<\/p>\n\n\n\n<p><strong>Porque hay dulces que no pueden faltar, y este\u2026 es uno de ellos.<\/strong><\/p>\n","protected":false},"excerpt":{"rendered":"<p>Madrid en noviembre es otra cosa.Adem\u00e1s del olor a casta\u00f1as y el fresquito en la cara, el mes de noviembre nos regala algunos que otros lujos que no podemos pasar por alto. El bullicio de las verbenas se apaga, las luces navide\u00f1as a\u00fan est\u00e1n por venir\u2026 y entre tanto, aparece: la corona de la Almudena. [&hellip;]<\/p>\n","protected":false},"author":395,"featured_media":22161,"comment_status":"open","ping_status":"open","sticky":false,"template":"","format":"standard","meta":{"_acf_changed":false,"_glsr_average":0,"_glsr_ranking":0,"_glsr_reviews":0,"_jetpack_memberships_contains_paid_content":false,"footnotes":""},"categories":[1],"tags":[987,988,989,990,991,992,282,345,982,983,984,985,986],"class_list":["post-22147","post","type-post","status-publish","format-standard","has-post-thumbnail","hentry","category-sin-categorizar","tag-pasteleria-artesanal","tag-fiestas-de-madrid","tag-tarta-de-la-almudena","tag-tradiciones-castizas","tag-dulces-con-historia","tag-roscones-de-noviembre","tag-casa-mira","tag-dulces-tradicionales","tag-corona-de-la-almudena","tag-reposteria-madrilena","tag-noviembre-en-madrid","tag-virgen-de-la-almudena","tag-dulce-tipico-madrid"],"acf":[],"yoast_head":"<!-- This site is optimized with the Yoast SEO plugin v26.1.1 - https:\/\/yoast.com\/wordpress\/plugins\/seo\/ -->\n<title>La corona de la Almudena, el dulce m\u00e1s castizo de noviembre | Casa Mira<\/title>\n<meta name=\"description\" content=\"Descubre la historia y el sabor de la Corona de la Almudena, el dulce m\u00e1s castizo de noviembre. Tradici\u00f3n madrile\u00f1a en cada bocado.\" \/>\n<meta name=\"robots\" content=\"index, follow, max-snippet:-1, max-image-preview:large, max-video-preview:-1\" \/>\n<link rel=\"canonical\" href=\"https:\/\/casamiraes.agenciatlc.dev\/en\/corona-de-la-almudena\/\" \/>\n<meta property=\"og:locale\" content=\"en_US\" \/>\n<meta property=\"og:type\" content=\"article\" \/>\n<meta property=\"og:title\" content=\"La corona de la Almudena, el dulce m\u00e1s castizo de noviembre | Casa Mira\" \/>\n<meta property=\"og:description\" content=\"Descubre la historia y el sabor de la Corona de la Almudena, el dulce m\u00e1s castizo de noviembre. Tradici\u00f3n madrile\u00f1a en cada bocado.\" \/>\n<meta property=\"og:url\" content=\"https:\/\/casamiraes.agenciatlc.dev\/en\/corona-de-la-almudena\/\" \/>\n<meta property=\"og:site_name\" content=\"Casa Mira\" \/>\n<meta property=\"article:publisher\" content=\"https:\/\/www.facebook.com\/CASA-MIRA-40961973871\/\" \/>\n<meta property=\"article:published_time\" content=\"2025-11-04T10:17:00+00:00\" \/>\n<meta property=\"og:image\" content=\"https:\/\/casamiraes.agenciatlc.dev\/wp-content\/uploads\/2025\/10\/corona-de-la-almudena1.jpg\" \/>\n\t<meta property=\"og:image:width\" content=\"1040\" \/>\n\t<meta property=\"og:image:height\" content=\"800\" \/>\n\t<meta property=\"og:image:type\" content=\"image\/jpeg\" \/>\n<meta name=\"author\" content=\"Redacci\u00f3n Casa Mira\" \/>\n<meta name=\"twitter:card\" content=\"summary_large_image\" \/>\n<meta name=\"twitter:label1\" content=\"Written by\" \/>\n\t<meta name=\"twitter:data1\" content=\"Redacci\u00f3n Casa Mira\" \/>\n\t<meta name=\"twitter:label2\" content=\"Est. reading time\" \/>\n\t<meta name=\"twitter:data2\" content=\"5 minutes\" \/>\n<script type=\"application\/ld+json\" class=\"yoast-schema-graph\">{\"@context\":\"https:\/\/schema.org\",\"@graph\":[{\"@type\":\"NewsArticle\",\"@id\":\"https:\/\/casamiraes.agenciatlc.dev\/en\/corona-de-la-almudena\/#article\",\"isPartOf\":{\"@id\":\"https:\/\/casamiraes.agenciatlc.dev\/en\/corona-de-la-almudena\/\"},\"author\":{\"name\":\"Redacci\u00f3n Casa Mira\",\"@id\":\"https:\/\/casamiraes.agenciatlc.dev\/en\/#\/schema\/person\/e38e2c4c7b4405cce2333b763562cfc2\"},\"headline\":\"La corona de la Almudena, el dulce m\u00e1s castizo de noviembre\",\"datePublished\":\"2025-11-04T10:17:00+00:00\",\"mainEntityOfPage\":{\"@id\":\"https:\/\/casamiraes.agenciatlc.dev\/en\/corona-de-la-almudena\/\"},\"wordCount\":1015,\"commentCount\":0,\"publisher\":{\"@id\":\"https:\/\/casamiraes.agenciatlc.dev\/en\/#organization\"},\"image\":{\"@id\":\"https:\/\/casamiraes.agenciatlc.dev\/en\/corona-de-la-almudena\/#primaryimage\"},\"thumbnailUrl\":\"https:\/\/casamiraes.agenciatlc.dev\/wp-content\/uploads\/2025\/10\/corona-de-la-almudena1.jpg\",\"keywords\":[\"pasteler\u00eda artesanal\",\"fiestas de Madrid\",\"tarta de la Almudena\",\"tradiciones castizas\",\"dulces con historia\",\"roscones de noviembre\",\"Casa Mira\",\"dulces tradicionales\",\"Corona de la Almudena\",\"reposter\u00eda madrile\u00f1a\",\"noviembre en Madrid\",\"Virgen de la Almudena\",\"dulce t\u00edpico Madrid\"],\"articleSection\":[\"Sin categorizar\"],\"inLanguage\":\"en-US\",\"potentialAction\":[{\"@type\":\"CommentAction\",\"name\":\"Comment\",\"target\":[\"https:\/\/casamiraes.agenciatlc.dev\/en\/corona-de-la-almudena\/#respond\"]}]},{\"@type\":[\"WebPage\",\"ItemPage\"],\"@id\":\"https:\/\/casamiraes.agenciatlc.dev\/en\/corona-de-la-almudena\/\",\"url\":\"https:\/\/casamiraes.agenciatlc.dev\/en\/corona-de-la-almudena\/\",\"name\":\"La corona de la Almudena, el dulce m\u00e1s castizo de noviembre | Casa Mira\",\"isPartOf\":{\"@id\":\"https:\/\/casamiraes.agenciatlc.dev\/en\/#website\"},\"primaryImageOfPage\":{\"@id\":\"https:\/\/casamiraes.agenciatlc.dev\/en\/corona-de-la-almudena\/#primaryimage\"},\"image\":{\"@id\":\"https:\/\/casamiraes.agenciatlc.dev\/en\/corona-de-la-almudena\/#primaryimage\"},\"thumbnailUrl\":\"https:\/\/casamiraes.agenciatlc.dev\/wp-content\/uploads\/2025\/10\/corona-de-la-almudena1.jpg\",\"datePublished\":\"2025-11-04T10:17:00+00:00\",\"description\":\"Descubre la historia y el sabor de la Corona de la Almudena, el dulce m\u00e1s castizo de noviembre. Tradici\u00f3n madrile\u00f1a en cada bocado.\",\"breadcrumb\":{\"@id\":\"https:\/\/casamiraes.agenciatlc.dev\/en\/corona-de-la-almudena\/#breadcrumb\"},\"inLanguage\":\"en-US\",\"potentialAction\":[{\"@type\":\"ReadAction\",\"target\":[\"https:\/\/casamiraes.agenciatlc.dev\/en\/corona-de-la-almudena\/\"]}]},{\"@type\":\"ImageObject\",\"inLanguage\":\"en-US\",\"@id\":\"https:\/\/casamiraes.agenciatlc.dev\/en\/corona-de-la-almudena\/#primaryimage\",\"url\":\"https:\/\/casamiraes.agenciatlc.dev\/wp-content\/uploads\/2025\/10\/corona-de-la-almudena1.jpg\",\"contentUrl\":\"https:\/\/casamiraes.agenciatlc.dev\/wp-content\/uploads\/2025\/10\/corona-de-la-almudena1.jpg\",\"width\":1040,\"height\":800,\"caption\":\"corona de la almudena\"},{\"@type\":\"BreadcrumbList\",\"@id\":\"https:\/\/casamiraes.agenciatlc.dev\/en\/corona-de-la-almudena\/#breadcrumb\",\"itemListElement\":[{\"@type\":\"ListItem\",\"position\":1,\"name\":\"Home\",\"item\":\"https:\/\/casamiraes.agenciatlc.dev\/en\/home\/\"},{\"@type\":\"ListItem\",\"position\":2,\"name\":\"La corona de la Almudena, el dulce m\u00e1s castizo de noviembre\"}]},{\"@type\":\"WebSite\",\"@id\":\"https:\/\/casamiraes.agenciatlc.dev\/en\/#website\",\"url\":\"https:\/\/casamiraes.agenciatlc.dev\/en\/\",\"name\":\"Casa Mira\",\"description\":\"\",\"publisher\":{\"@id\":\"https:\/\/casamiraes.agenciatlc.dev\/en\/#organization\"},\"potentialAction\":[{\"@type\":\"SearchAction\",\"target\":{\"@type\":\"EntryPoint\",\"urlTemplate\":\"https:\/\/casamiraes.agenciatlc.dev\/en\/?s={search_term_string}\"},\"query-input\":{\"@type\":\"PropertyValueSpecification\",\"valueRequired\":true,\"valueName\":\"search_term_string\"}}],\"inLanguage\":\"en-US\"},{\"@type\":\"Organization\",\"@id\":\"https:\/\/casamiraes.agenciatlc.dev\/en\/#organization\",\"name\":\"Casa Mira\",\"url\":\"https:\/\/casamiraes.agenciatlc.dev\/en\/\",\"logo\":{\"@type\":\"ImageObject\",\"inLanguage\":\"en-US\",\"@id\":\"https:\/\/casamiraes.agenciatlc.dev\/en\/#\/schema\/logo\/image\/\",\"url\":\"https:\/\/casamiraes.agenciatlc.dev\/wp-content\/uploads\/2020\/09\/logo.png\",\"contentUrl\":\"https:\/\/casamiraes.agenciatlc.dev\/wp-content\/uploads\/2020\/09\/logo.png\",\"width\":280,\"height\":130,\"caption\":\"Casa Mira\"},\"image\":{\"@id\":\"https:\/\/casamiraes.agenciatlc.dev\/en\/#\/schema\/logo\/image\/\"},\"sameAs\":[\"https:\/\/www.facebook.com\/CASA-MIRA-40961973871\/\",\"https:\/\/www.instagram.com\/casamiramadrid\/\",\"https:\/\/es.wikipedia.org\/wiki\/Casa_Mira\"]},{\"@type\":\"Person\",\"@id\":\"https:\/\/casamiraes.agenciatlc.dev\/en\/#\/schema\/person\/e38e2c4c7b4405cce2333b763562cfc2\",\"name\":\"Redacci\u00f3n Casa Mira\",\"image\":{\"@type\":\"ImageObject\",\"inLanguage\":\"en-US\",\"@id\":\"https:\/\/casamiraes.agenciatlc.dev\/en\/#\/schema\/person\/image\/\",\"url\":\"https:\/\/secure.gravatar.com\/avatar\/08def84b5dbaf6cb993b2d7e911a79db1299a21f94d90d22f5589c12c0e96418?s=96&d=mm&r=g\",\"contentUrl\":\"https:\/\/secure.gravatar.com\/avatar\/08def84b5dbaf6cb993b2d7e911a79db1299a21f94d90d22f5589c12c0e96418?s=96&d=mm&r=g\",\"caption\":\"Redacci\u00f3n Casa Mira\"}}]}<\/script>\n<!-- \/ Yoast SEO plugin. -->","yoast_head_json":{"title":"La corona de la Almudena, el dulce m\u00e1s castizo de noviembre | Casa Mira","description":"Descubre la historia y el sabor de la Corona de la Almudena, el dulce m\u00e1s castizo de noviembre. Tradici\u00f3n madrile\u00f1a en cada bocado.","robots":{"index":"index","follow":"follow","max-snippet":"max-snippet:-1","max-image-preview":"max-image-preview:large","max-video-preview":"max-video-preview:-1"},"canonical":"https:\/\/casamiraes.agenciatlc.dev\/en\/corona-de-la-almudena\/","og_locale":"en_US","og_type":"article","og_title":"La corona de la Almudena, el dulce m\u00e1s castizo de noviembre | Casa Mira","og_description":"Descubre la historia y el sabor de la Corona de la Almudena, el dulce m\u00e1s castizo de noviembre. Tradici\u00f3n madrile\u00f1a en cada bocado.","og_url":"https:\/\/casamiraes.agenciatlc.dev\/en\/corona-de-la-almudena\/","og_site_name":"Casa Mira","article_publisher":"https:\/\/www.facebook.com\/CASA-MIRA-40961973871\/","article_published_time":"2025-11-04T10:17:00+00:00","og_image":[{"width":1040,"height":800,"url":"https:\/\/casamiraes.agenciatlc.dev\/wp-content\/uploads\/2025\/10\/corona-de-la-almudena1.jpg","type":"image\/jpeg"}],"author":"Redacci\u00f3n Casa Mira","twitter_card":"summary_large_image","twitter_misc":{"Written by":"Redacci\u00f3n Casa Mira","Est. reading time":"5 minutes"},"schema":{"@context":"https:\/\/schema.org","@graph":[{"@type":"NewsArticle","@id":"https:\/\/casamiraes.agenciatlc.dev\/en\/corona-de-la-almudena\/#article","isPartOf":{"@id":"https:\/\/casamiraes.agenciatlc.dev\/en\/corona-de-la-almudena\/"},"author":{"name":"Redacci\u00f3n Casa Mira","@id":"https:\/\/casamiraes.agenciatlc.dev\/en\/#\/schema\/person\/e38e2c4c7b4405cce2333b763562cfc2"},"headline":"La corona de la Almudena, el dulce m\u00e1s castizo de noviembre","datePublished":"2025-11-04T10:17:00+00:00","mainEntityOfPage":{"@id":"https:\/\/casamiraes.agenciatlc.dev\/en\/corona-de-la-almudena\/"},"wordCount":1015,"commentCount":0,"publisher":{"@id":"https:\/\/casamiraes.agenciatlc.dev\/en\/#organization"},"image":{"@id":"https:\/\/casamiraes.agenciatlc.dev\/en\/corona-de-la-almudena\/#primaryimage"},"thumbnailUrl":"https:\/\/casamiraes.agenciatlc.dev\/wp-content\/uploads\/2025\/10\/corona-de-la-almudena1.jpg","keywords":["pasteler\u00eda artesanal","fiestas de Madrid","tarta de la Almudena","tradiciones castizas","dulces con historia","roscones de noviembre","Casa Mira","dulces tradicionales","Corona de la Almudena","reposter\u00eda madrile\u00f1a","noviembre en Madrid","Virgen de la Almudena","dulce t\u00edpico Madrid"],"articleSection":["Sin categorizar"],"inLanguage":"en-US","potentialAction":[{"@type":"CommentAction","name":"Comment","target":["https:\/\/casamiraes.agenciatlc.dev\/en\/corona-de-la-almudena\/#respond"]}]},{"@type":["WebPage","ItemPage"],"@id":"https:\/\/casamiraes.agenciatlc.dev\/en\/corona-de-la-almudena\/","url":"https:\/\/casamiraes.agenciatlc.dev\/en\/corona-de-la-almudena\/","name":"La corona de la Almudena, el dulce m\u00e1s castizo de noviembre | Casa Mira","isPartOf":{"@id":"https:\/\/casamiraes.agenciatlc.dev\/en\/#website"},"primaryImageOfPage":{"@id":"https:\/\/casamiraes.agenciatlc.dev\/en\/corona-de-la-almudena\/#primaryimage"},"image":{"@id":"https:\/\/casamiraes.agenciatlc.dev\/en\/corona-de-la-almudena\/#primaryimage"},"thumbnailUrl":"https:\/\/casamiraes.agenciatlc.dev\/wp-content\/uploads\/2025\/10\/corona-de-la-almudena1.jpg","datePublished":"2025-11-04T10:17:00+00:00","description":"Descubre la historia y el sabor de la Corona de la Almudena, el dulce m\u00e1s castizo de noviembre. Tradici\u00f3n madrile\u00f1a en cada bocado.","breadcrumb":{"@id":"https:\/\/casamiraes.agenciatlc.dev\/en\/corona-de-la-almudena\/#breadcrumb"},"inLanguage":"en-US","potentialAction":[{"@type":"ReadAction","target":["https:\/\/casamiraes.agenciatlc.dev\/en\/corona-de-la-almudena\/"]}]},{"@type":"ImageObject","inLanguage":"en-US","@id":"https:\/\/casamiraes.agenciatlc.dev\/en\/corona-de-la-almudena\/#primaryimage","url":"https:\/\/casamiraes.agenciatlc.dev\/wp-content\/uploads\/2025\/10\/corona-de-la-almudena1.jpg","contentUrl":"https:\/\/casamiraes.agenciatlc.dev\/wp-content\/uploads\/2025\/10\/corona-de-la-almudena1.jpg","width":1040,"height":800,"caption":"corona de la almudena"},{"@type":"BreadcrumbList","@id":"https:\/\/casamiraes.agenciatlc.dev\/en\/corona-de-la-almudena\/#breadcrumb","itemListElement":[{"@type":"ListItem","position":1,"name":"Home","item":"https:\/\/casamiraes.agenciatlc.dev\/en\/home\/"},{"@type":"ListItem","position":2,"name":"La corona de la Almudena, el dulce m\u00e1s castizo de noviembre"}]},{"@type":"WebSite","@id":"https:\/\/casamiraes.agenciatlc.dev\/en\/#website","url":"https:\/\/casamiraes.agenciatlc.dev\/en\/","name":"Casa Mira","description":"","publisher":{"@id":"https:\/\/casamiraes.agenciatlc.dev\/en\/#organization"},"potentialAction":[{"@type":"SearchAction","target":{"@type":"EntryPoint","urlTemplate":"https:\/\/casamiraes.agenciatlc.dev\/en\/?s={search_term_string}"},"query-input":{"@type":"PropertyValueSpecification","valueRequired":true,"valueName":"search_term_string"}}],"inLanguage":"en-US"},{"@type":"Organization","@id":"https:\/\/casamiraes.agenciatlc.dev\/en\/#organization","name":"Casa Mira","url":"https:\/\/casamiraes.agenciatlc.dev\/en\/","logo":{"@type":"ImageObject","inLanguage":"en-US","@id":"https:\/\/casamiraes.agenciatlc.dev\/en\/#\/schema\/logo\/image\/","url":"https:\/\/casamiraes.agenciatlc.dev\/wp-content\/uploads\/2020\/09\/logo.png","contentUrl":"https:\/\/casamiraes.agenciatlc.dev\/wp-content\/uploads\/2020\/09\/logo.png","width":280,"height":130,"caption":"Casa Mira"},"image":{"@id":"https:\/\/casamiraes.agenciatlc.dev\/en\/#\/schema\/logo\/image\/"},"sameAs":["https:\/\/www.facebook.com\/CASA-MIRA-40961973871\/","https:\/\/www.instagram.com\/casamiramadrid\/","https:\/\/es.wikipedia.org\/wiki\/Casa_Mira"]},{"@type":"Person","@id":"https:\/\/casamiraes.agenciatlc.dev\/en\/#\/schema\/person\/e38e2c4c7b4405cce2333b763562cfc2","name":"Redacci\u00f3n Casa Mira","image":{"@type":"ImageObject","inLanguage":"en-US","@id":"https:\/\/casamiraes.agenciatlc.dev\/en\/#\/schema\/person\/image\/","url":"https:\/\/secure.gravatar.com\/avatar\/08def84b5dbaf6cb993b2d7e911a79db1299a21f94d90d22f5589c12c0e96418?s=96&d=mm&r=g","contentUrl":"https:\/\/secure.gravatar.com\/avatar\/08def84b5dbaf6cb993b2d7e911a79db1299a21f94d90d22f5589c12c0e96418?s=96&d=mm&r=g","caption":"Redacci\u00f3n Casa Mira"}}]}},"jetpack_featured_media_url":"https:\/\/casamiraes.agenciatlc.dev\/wp-content\/uploads\/2025\/10\/corona-de-la-almudena1.jpg","jetpack_sharing_enabled":true,"_links":{"self":[{"href":"https:\/\/casamiraes.agenciatlc.dev\/en\/wp-json\/wp\/v2\/posts\/22147","targetHints":{"allow":["GET"]}}],"collection":[{"href":"https:\/\/casamiraes.agenciatlc.dev\/en\/wp-json\/wp\/v2\/posts"}],"about":[{"href":"https:\/\/casamiraes.agenciatlc.dev\/en\/wp-json\/wp\/v2\/types\/post"}],"author":[{"embeddable":true,"href":"https:\/\/casamiraes.agenciatlc.dev\/en\/wp-json\/wp\/v2\/users\/395"}],"replies":[{"embeddable":true,"href":"https:\/\/casamiraes.agenciatlc.dev\/en\/wp-json\/wp\/v2\/comments?post=22147"}],"version-history":[{"count":2,"href":"https:\/\/casamiraes.agenciatlc.dev\/en\/wp-json\/wp\/v2\/posts\/22147\/revisions"}],"predecessor-version":[{"id":22162,"href":"https:\/\/casamiraes.agenciatlc.dev\/en\/wp-json\/wp\/v2\/posts\/22147\/revisions\/22162"}],"wp:featuredmedia":[{"embeddable":true,"href":"https:\/\/casamiraes.agenciatlc.dev\/en\/wp-json\/wp\/v2\/media\/22161"}],"wp:attachment":[{"href":"https:\/\/casamiraes.agenciatlc.dev\/en\/wp-json\/wp\/v2\/media?parent=22147"}],"wp:term":[{"taxonomy":"category","embeddable":true,"href":"https:\/\/casamiraes.agenciatlc.dev\/en\/wp-json\/wp\/v2\/categories?post=22147"},{"taxonomy":"post_tag","embeddable":true,"href":"https:\/\/casamiraes.agenciatlc.dev\/en\/wp-json\/wp\/v2\/tags?post=22147"}],"curies":[{"name":"wp","href":"https:\/\/api.w.org\/{rel}","templated":true}]}}